{"id":1624,"date":"2023-04-25T13:31:13","date_gmt":"2023-04-25T11:31:13","guid":{"rendered":"https:\/\/grottoalritrovo.ch\/ferme-cesare-perozzi\/"},"modified":"2023-05-25T16:51:42","modified_gmt":"2023-05-25T14:51:42","slug":"ferme-cesare-perozzi","status":"publish","type":"post","link":"https:\/\/grottoalritrovo.ch\/fr\/ferme-cesare-perozzi\/","title":{"rendered":"Ferme Cesare Perozzi"},"content":{"rendered":"\n<p>http:\/\/www.perozziagri.ch\/<\/p>\n\n<p>L&rsquo;entreprise Perozzi a \u00e9t\u00e9 fond\u00e9e dans les ann\u00e9es 1930 \u00e0 l&rsquo;initiative de Marco Perozzi, et \u00e9tait essentiellement ax\u00e9e sur l&rsquo;\u00e9levage de bovins.<\/p>\n\n<p>Dans les ann\u00e9es 1960, la culture de l\u00e9gumes a commenc\u00e9 sur de petites surfaces et, au fil des ans, cette activit\u00e9 s&rsquo;est d\u00e9velopp\u00e9e.<\/p>\n\n<p>Au milieu des ann\u00e9es 80, nous avons compl\u00e8tement abandonn\u00e9 l&rsquo;\u00e9levage de b\u00e9tail pour nous concentrer uniquement sur la culture de l\u00e9gumes.<\/p>\n\n<p>La demande croissante de relations directes entre le producteur et le consommateur nous a ensuite amen\u00e9s \u00e0 d\u00e9velopper le concept de vente directe.<\/p>\n\n<figure class=\"wp-block-gallery has-nested-images columns-default is-cropped wp-block-gallery-1 is-layout-flex wp-block-gallery-is-layout-flex\">\n<figure class=\"wp-block-image size-large\"><img fetchpriority=\"high\" decoding=\"async\" width=\"964\" height=\"644\" data-id=\"1585\" src=\"https:\/\/grottoalritrovo.ch\/wp-content\/uploads\/sites\/60\/2023\/04\/Senza-titolo.jpg\" alt=\"\" class=\"wp-image-1585\" srcset=\"https:\/\/grottoalritrovo.ch\/wp-content\/uploads\/sites\/60\/2023\/04\/Senza-titolo.jpg 964w, https:\/\/grottoalritrovo.ch\/wp-content\/uploads\/sites\/60\/2023\/04\/Senza-titolo-300x200.jpg 300w, https:\/\/grottoalritrovo.ch\/wp-content\/uploads\/sites\/60\/2023\/04\/Senza-titolo-768x513.jpg 768w, https:\/\/grottoalritrovo.ch\/wp-content\/uploads\/sites\/60\/2023\/04\/Senza-titolo-391x260.jpg 391w\" sizes=\"(max-width: 964px) 100vw, 964px\" \/><\/figure>\n\n\n<figure class=\"wp-block-image size-full\"><img decoding=\"async\" width=\"482\" height=\"362\" data-id=\"1584\" src=\"https:\/\/grottoalritrovo.ch\/wp-content\/uploads\/sites\/60\/2023\/04\/2.jpg\" alt=\"\" class=\"wp-image-1584\" srcset=\"https:\/\/grottoalritrovo.ch\/wp-content\/uploads\/sites\/60\/2023\/04\/2.jpg 482w, https:\/\/grottoalritrovo.ch\/wp-content\/uploads\/sites\/60\/2023\/04\/2-300x225.jpg 300w\" sizes=\"(max-width: 482px) 100vw, 482px\" \/><\/figure>\n\n\n<figure class=\"wp-block-image size-large\"><img decoding=\"async\" width=\"964\" height=\"772\" data-id=\"1587\" src=\"https:\/\/grottoalritrovo.ch\/wp-content\/uploads\/sites\/60\/2023\/04\/Aa.jpg\" alt=\"\" class=\"wp-image-1587\" srcset=\"https:\/\/grottoalritrovo.ch\/wp-content\/uploads\/sites\/60\/2023\/04\/Aa.jpg 964w, https:\/\/grottoalritrovo.ch\/wp-content\/uploads\/sites\/60\/2023\/04\/Aa-300x240.jpg 300w, https:\/\/grottoalritrovo.ch\/wp-content\/uploads\/sites\/60\/2023\/04\/Aa-768x615.jpg 768w\" sizes=\"(max-width: 964px) 100vw, 964px\" \/><\/figure><\/figure>\n","protected":false},"excerpt":{"rendered":"<p>http:\/\/www.perozziagri.ch\/ L&rsquo;entreprise Perozzi a \u00e9t\u00e9 fond\u00e9e dans les ann\u00e9es 1930 \u00e0 l&rsquo;initiative de Marco Perozzi, et \u00e9tait essentiellement ax\u00e9e sur l&rsquo;\u00e9levage de bovins. Dans les ann\u00e9es 1960, la culture de l\u00e9gumes a commenc\u00e9 sur de petites surfaces et, au fil des ans, cette activit\u00e9 s&rsquo;est d\u00e9velopp\u00e9e. Au milieu des ann\u00e9es 80, nous avons compl\u00e8tement abandonn\u00e9 [&hellip;]<\/p>\n","protected":false},"author":13,"featured_media":1588,"comment_status":"closed","ping_status":"open","sticky":false,"template":"","format":"standard","meta":{"_acf_changed":false,"_seopress_robots_primary_cat":"","_seopress_titles_title":"","_seopress_titles_desc":"","_seopress_robots_index":"","footnotes":""},"categories":[28],"tags":[],"class_list":["post-1624","post","type-post","status-publish","format-standard","has-post-thumbnail","hentry","category-fournisseur"],"acf":[],"_links":{"self":[{"href":"https:\/\/grottoalritrovo.ch\/fr\/wp-json\/wp\/v2\/posts\/1624","targetHints":{"allow":["GET"]}}],"collection":[{"href":"https:\/\/grottoalritrovo.ch\/fr\/wp-json\/wp\/v2\/posts"}],"about":[{"href":"https:\/\/grottoalritrovo.ch\/fr\/wp-json\/wp\/v2\/types\/post"}],"author":[{"embeddable":true,"href":"https:\/\/grottoalritrovo.ch\/fr\/wp-json\/wp\/v2\/users\/13"}],"replies":[{"embeddable":true,"href":"https:\/\/grottoalritrovo.ch\/fr\/wp-json\/wp\/v2\/comments?post=1624"}],"version-history":[{"count":0,"href":"https:\/\/grottoalritrovo.ch\/fr\/wp-json\/wp\/v2\/posts\/1624\/revisions"}],"wp:featuredmedia":[{"embeddable":true,"href":"https:\/\/grottoalritrovo.ch\/fr\/wp-json\/wp\/v2\/media\/1588"}],"wp:attachment":[{"href":"https:\/\/grottoalritrovo.ch\/fr\/wp-json\/wp\/v2\/media?parent=1624"}],"wp:term":[{"taxonomy":"category","embeddable":true,"href":"https:\/\/grottoalritrovo.ch\/fr\/wp-json\/wp\/v2\/categories?post=1624"},{"taxonomy":"post_tag","embeddable":true,"href":"https:\/\/grottoalritrovo.ch\/fr\/wp-json\/wp\/v2\/tags?post=1624"}],"curies":[{"name":"wp","href":"https:\/\/api.w.org\/{rel}","templated":true}]}}